{"id":25979,"date":"2023-08-07T12:16:12","date_gmt":"2023-08-07T12:16:12","guid":{"rendered":"http:\/\/www.oikkariliitto.fi\/?p=25979"},"modified":"2023-08-07T12:16:12","modified_gmt":"2023-08-07T12:16:12","slug":"tiedote-meddelande","status":"publish","type":"post","link":"http:\/\/www.oikkariliitto.fi\/sv\/2023\/08\/07\/tiedote-meddelande\/","title":{"rendered":"Tiedote &#8211; Meddelande"},"content":{"rendered":"<p><strong>OOL on nimennyt edustajat OKM:n ja OM:n lakimieskoulutuksen tarpeita selvitt\u00e4v\u00e4n hankkeen ohjausryhm\u00e4\u00e4n<\/strong><\/p>\n\n\n\n<p>Opetus- ja kulttuuriministeri\u00f6 ja oikeusministeri\u00f6 pyysiv\u00e4t OOL:a nime\u00e4m\u00e4\u00e4n varsinaisen j\u00e4senen ja varaj\u00e4senen lakimieskoulutuksen lis\u00e4\u00e4mistarpeen selvitt\u00e4mist\u00e4 ja erilaisia koulutuksen toteuttamismalleja selvitt\u00e4v\u00e4n hankkeen ohjausryhm\u00e4\u00e4n.\u00a0<\/p>\n\n\n\n<p>OOL:n hallitus p\u00e4\u00e4tti nimet\u00e4 varsinaiseksi j\u00e4seneksi Kia Tarvaisen (Lex) ja varaj\u00e4seneksi Saska Heiskasen (Justus).&nbsp;<\/p>\n\n\n\n<p>Ohjausryhm\u00e4n teht\u00e4v\u00e4n\u00e4 on hankkeen ja erikseen toteutettavan selvityksen ohjaaminen. Hankkeen tavoitteena on selvitt\u00e4\u00e4 lakimieskoulutuksen m\u00e4\u00e4r\u00e4llliset koulutustarpeet, erilaiset lakimieskoulutuksen koulutusmallit ja niiden vaikutukset kelpoisuuksiin, yliopiston koulutustoimintaan ja ty\u00f6voiman saatavuuteen pitk\u00e4ll\u00e4 aikav\u00e4lill\u00e4. Lis\u00e4ksi hankkeen my\u00f6t\u00e4 on tarkoitus ehdottaa mahdollisia kehitt\u00e4mistoimia sek\u00e4 vaihtoehtoisia malleja vastaamaan lakimieskoulutuksen lis\u00e4\u00e4mistarpeeseen.&nbsp;<\/p>\n\n\n\n<p>Ohjausryhm\u00e4\u00e4n osallistuminen on OOL:lle t\u00e4rke\u00e4 vaikuttamisen paikka ja osoitus siit\u00e4 ty\u00f6st\u00e4, jota edunvalvonnan eteen on j\u00e4rjestelm\u00e4llisesti tehty liiton perustamisesta l\u00e4htien. Koko OOL:n hallitus tulee olemaan tiiviisti mukana k\u00e4sittelem\u00e4ss\u00e4 ohjausryhm\u00e4ss\u00e4 esille nousevia asioita ja tuomassa oikkarien \u00e4\u00e4nt\u00e4 kuuluviin koulutuksemme tulevaisuutta suunniteltaessa.<\/p>\n\n\n\n<p><\/p>\n\n\n\n<p><strong>JSF har utsett representanter till styrgruppen f\u00f6r projektet som ska utreda behoven av juristutbildningen vid utbildnings- och kulturministeriet och justitieministeriet.<\/strong><\/p>\n\n\n\n<p>Utbildnings- och kulturministeriet och justitieministeriet bad JSF att utse en ordinarie medlem och en suppleant till styrgruppen f\u00f6r projektet som ska unders\u00f6ka behovet av \u00f6kad juristutbildning och olika genomf\u00f6randemodeller f\u00f6r utbildningen.<\/p>\n\n\n\n<p>JSF:s styrelse beslutade att utse Kia Tarvainen (Lex) som ordinarie medlem och Saska Heiskanen (Justus) som suppleant.<\/p>\n\n\n\n<p>Styrgruppens uppgift \u00e4r att styra projektet och utredningen som g\u00f6rs separat. Projektets m\u00e5l \u00e4r att utreda antalet jurister som beh\u00f6vs, olika utbildningsmodeller f\u00f6r juristutbildningen samt deras inverkan p\u00e5 beh\u00f6righeter, universitetsutbildningen och tillg\u00e5ngen till arbetskraft p\u00e5 l\u00e5ng sikt. Dessutom \u00e4r syftet med projektet att f\u00f6resl\u00e5 eventuella utvecklings\u00e5tg\u00e4rder och alternativa modeller f\u00f6r att m\u00f6ta behoven av \u00f6kad juristutbildning.<\/p>\n\n\n\n<p>Deltagandet i styrgruppen \u00e4r en viktig m\u00f6jlighet f\u00f6r JSF att p\u00e5verka och ett bevis p\u00e5 det arbete som systematiskt har utf\u00f6rts f\u00f6r intressebevakning sedan f\u00f6rbundets grundande. Hela JSF:s styrelse kommer att aktivt delta i behandlingen av fr\u00e5gor som tas upp i styrgruppen och f\u00f6ra juris studenters r\u00f6st fram\u00e5t n\u00e4r utbildningens framtid planeras.<\/p>","protected":false},"excerpt":{"rendered":"<p>OOL on nimennyt edustajat OKM:n ja OM:n lakimieskoulutuksen tarpeita selvitt\u00e4v\u00e4n hankkeen ohjausryhm\u00e4\u00e4n Opetus- ja kulttuuriministeri\u00f6 ja oikeusministeri\u00f6 pyysiv\u00e4t OOL:a nime\u00e4m\u00e4\u00e4n varsinaisen j\u00e4senen ja varaj\u00e4senen lakimieskoulutuksen lis\u00e4\u00e4mistarpeen selvitt\u00e4mist\u00e4 ja erilaisia koulutuksen toteuttamismalleja selvitt\u00e4v\u00e4n hankkeen ohjausryhm\u00e4\u00e4n.\u00a0 OOL:n hallitus p\u00e4\u00e4tti nimet\u00e4 varsinaiseksi j\u00e4seneksi Kia Tarvaisen (Lex) ja varaj\u00e4seneksi Saska Heiskasen (Justus).&nbsp; Ohjausryhm\u00e4n teht\u00e4v\u00e4n\u00e4 on hankkeen ja erikseen toteutettavan [&hellip;]<\/p>\n","protected":false},"author":3,"featured_media":0,"comment_status":"open","ping_status":"open","sticky":false,"template":"","format":"standard","meta":{"_uag_custom_page_level_css":"","site-sidebar-layout":"default","site-content-layout":"","ast-site-content-layout":"default","site-content-style":"default","site-sidebar-style":"default","ast-global-header-display":"","ast-banner-title-visibility":"","ast-main-header-display":"","ast-hfb-above-header-display":"","ast-hfb-below-header-display":"","ast-hfb-mobile-header-display":"","site-post-title":"","ast-breadcrumbs-content":"","ast-featured-img":"","footer-sml-layout":"","ast-disable-related-posts":"","theme-transparent-header-meta":"","adv-header-id-meta":"","stick-header-meta":"","header-above-stick-meta":"","header-main-stick-meta":"","header-below-stick-meta":"","astra-migrate-meta-layouts":"default","ast-page-background-enabled":"default","ast-page-background-meta":{"desktop":{"background-color":"","background-image":"","background-repeat":"repeat","background-position":"center center","background-size":"auto","background-attachment":"scroll","background-type":"","background-media":"","overlay-type":"","overlay-color":"","overlay-opacity":"","overlay-gradient":""},"tablet":{"background-color":"","background-image":"","background-repeat":"repeat","background-position":"center center","background-size":"auto","background-attachment":"scroll","background-type":"","background-media":"","overlay-type":"","overlay-color":"","overlay-opacity":"","overlay-gradient":""},"mobile":{"background-color":"","background-image":"","background-repeat":"repeat","background-position":"center center","background-size":"auto","background-attachment":"scroll","background-type":"","background-media":"","overlay-type":"","overlay-color":"","overlay-opacity":"","overlay-gradient":""}},"ast-content-background-meta":{"desktop":{"background-color":"var(--ast-global-color-5)","background-image":"","background-repeat":"repeat","background-position":"center center","background-size":"auto","background-attachment":"scroll","background-type":"","background-media":"","overlay-type":"","overlay-color":"","overlay-opacity":"","overlay-gradient":""},"tablet":{"background-color":"var(--ast-global-color-5)","background-image":"","background-repeat":"repeat","background-position":"center center","background-size":"auto","background-attachment":"scroll","background-type":"","background-media":"","overlay-type":"","overlay-color":"","overlay-opacity":"","overlay-gradient":""},"mobile":{"background-color":"var(--ast-global-color-5)","background-image":"","background-repeat":"repeat","background-position":"center center","background-size":"auto","background-attachment":"scroll","background-type":"","background-media":"","overlay-type":"","overlay-color":"","overlay-opacity":"","overlay-gradient":""}},"footnotes":""},"categories":[8],"tags":[],"class_list":["post-25979","post","type-post","status-publish","format-standard","hentry","category-tiedotteet"],"uagb_featured_image_src":{"full":false,"thumbnail":false,"medium":false,"medium_large":false,"large":false,"1536x1536":false,"2048x2048":false,"trp-custom-language-flag":false},"uagb_author_info":{"display_name":"Tiedottaja","author_link":"http:\/\/www.oikkariliitto.fi\/sv\/author\/tiedottaja\/"},"uagb_comment_info":10,"uagb_excerpt":"OOL on nimennyt edustajat OKM:n ja OM:n lakimieskoulutuksen tarpeita selvitt\u00e4v\u00e4n hankkeen ohjausryhm\u00e4\u00e4n Opetus- ja kulttuuriministeri\u00f6 ja oikeusministeri\u00f6 pyysiv\u00e4t OOL:a nime\u00e4m\u00e4\u00e4n varsinaisen j\u00e4senen ja varaj\u00e4senen lakimieskoulutuksen lis\u00e4\u00e4mistarpeen selvitt\u00e4mist\u00e4 ja erilaisia koulutuksen toteuttamismalleja selvitt\u00e4v\u00e4n hankkeen ohjausryhm\u00e4\u00e4n.\u00a0 OOL:n hallitus p\u00e4\u00e4tti nimet\u00e4 varsinaiseksi j\u00e4seneksi Kia Tarvaisen (Lex) ja varaj\u00e4seneksi Saska Heiskasen (Justus).&nbsp; Ohjausryhm\u00e4n teht\u00e4v\u00e4n\u00e4 on hankkeen ja erikseen toteutettavan&hellip;","_links":{"self":[{"href":"http:\/\/www.oikkariliitto.fi\/sv\/wp-json\/wp\/v2\/posts\/25979","targetHints":{"allow":["GET"]}}],"collection":[{"href":"http:\/\/www.oikkariliitto.fi\/sv\/wp-json\/wp\/v2\/posts"}],"about":[{"href":"http:\/\/www.oikkariliitto.fi\/sv\/wp-json\/wp\/v2\/types\/post"}],"author":[{"embeddable":true,"href":"http:\/\/www.oikkariliitto.fi\/sv\/wp-json\/wp\/v2\/users\/3"}],"replies":[{"embeddable":true,"href":"http:\/\/www.oikkariliitto.fi\/sv\/wp-json\/wp\/v2\/comments?post=25979"}],"version-history":[{"count":1,"href":"http:\/\/www.oikkariliitto.fi\/sv\/wp-json\/wp\/v2\/posts\/25979\/revisions"}],"predecessor-version":[{"id":25980,"href":"http:\/\/www.oikkariliitto.fi\/sv\/wp-json\/wp\/v2\/posts\/25979\/revisions\/25980"}],"wp:attachment":[{"href":"http:\/\/www.oikkariliitto.fi\/sv\/wp-json\/wp\/v2\/media?parent=25979"}],"wp:term":[{"taxonomy":"category","embeddable":true,"href":"http:\/\/www.oikkariliitto.fi\/sv\/wp-json\/wp\/v2\/categories?post=25979"},{"taxonomy":"post_tag","embeddable":true,"href":"http:\/\/www.oikkariliitto.fi\/sv\/wp-json\/wp\/v2\/tags?post=25979"}],"curies":[{"name":"wp","href":"https:\/\/api.w.org\/{rel}","templated":true}]}}