{"id":25917,"date":"2022-11-04T17:08:28","date_gmt":"2022-11-04T17:08:28","guid":{"rendered":"https:\/\/www.oikkariliitto.fi\/?p=25917"},"modified":"2022-11-04T17:09:07","modified_gmt":"2022-11-04T17:09:07","slug":"ilmoittaudu-syysseminaariin-15-11-2022","status":"publish","type":"post","link":"http:\/\/www.oikkariliitto.fi\/sv\/2022\/11\/04\/ilmoittaudu-syysseminaariin-15-11-2022\/","title":{"rendered":"Ilmoittaudu syysseminaariin 15.11.2022"},"content":{"rendered":"<p>Hei oikkari! <br><br>Pohdituttaako oma urapolku? Haluaisitko kuulla muiden uratarinoita, inspiroitua ja verkostoitua? <br><br>Oikkariliitto kutsuu sinut mukaan liiton ilmaiseen syysseminaariin &#8221;Millainen juristi minusta tulee isona?&#8221; Turkuun 15.11.2022 klo 17:30 alkaen.<\/p>\n\n\n\n<p>Seminaarissa luvassa Nuoret Juristit ry:n Sakari Saaren tunnelmaan johdatteleva alkupuheenvuoro sek\u00e4 pienryhmiss\u00e4 tapahtuvaa oman urapolun pohdintaa juristien johdolla. Ty\u00f6pajojen vet\u00e4jin\u00e4 ja omat uratarinansa kertovat: <\/p>\n\n\n\n<p>Lakimies Susanna-Maria Aarnivuo, Suomen Vuokranantajat ry<br><br>Asiantuntija Jarkko Kontiainen, Kilpailu- ja kuluttajavirasto<br><br>Tax Partner Henri Heikkonen, HL Tax &amp; Legal Oy<br><br>Associate Janne Helaskoski, Krogerus<\/p>\n\n\n\n<p>Tarjolla tapahtumassa on pient\u00e4 purtavaa ja seminaarin j\u00e4lkeen vapaamuotoinen iltaohjelma. Ilmoittaudu mukaan <a href=\"https:\/\/docs.google.com\/forms\/d\/e\/1FAIpQLSevhejZodRQ2Y6anwB-KYuTF7gGpgo2nzOVYMt2dUNM7HReeg\/viewform?usp=sf_link\" data-type=\"URL\" data-id=\"https:\/\/docs.google.com\/forms\/d\/e\/1FAIpQLSevhejZodRQ2Y6anwB-KYuTF7gGpgo2nzOVYMt2dUNM7HReeg\/viewform?usp=sf_link\">t\u00e4st\u00e4! <\/a><\/p>\n\n\n\n<p><\/p>","protected":false},"excerpt":{"rendered":"<p>Hei oikkari! Pohdituttaako oma urapolku? Haluaisitko kuulla muiden uratarinoita, inspiroitua ja verkostoitua? Oikkariliitto kutsuu sinut mukaan liiton ilmaiseen syysseminaariin &#8221;Millainen juristi minusta tulee isona?&#8221; Turkuun 15.11.2022 klo 17:30 alkaen. Seminaarissa luvassa Nuoret Juristit ry:n Sakari Saaren tunnelmaan johdatteleva alkupuheenvuoro sek\u00e4 pienryhmiss\u00e4 tapahtuvaa oman urapolun pohdintaa juristien johdolla. Ty\u00f6pajojen vet\u00e4jin\u00e4 ja omat uratarinansa kertovat: Lakimies Susanna-Maria [&hellip;]<\/p>\n","protected":false},"author":3,"featured_media":0,"comment_status":"open","ping_status":"open","sticky":false,"template":"","format":"standard","meta":{"_uag_custom_page_level_css":"","site-sidebar-layout":"default","site-content-layout":"","ast-site-content-layout":"default","site-content-style":"default","site-sidebar-style":"default","ast-global-header-display":"","ast-banner-title-visibility":"","ast-main-header-display":"","ast-hfb-above-header-display":"","ast-hfb-below-header-display":"","ast-hfb-mobile-header-display":"","site-post-title":"","ast-breadcrumbs-content":"","ast-featured-img":"","footer-sml-layout":"","ast-disable-related-posts":"","theme-transparent-header-meta":"","adv-header-id-meta":"","stick-header-meta":"","header-above-stick-meta":"","header-main-stick-meta":"","header-below-stick-meta":"","astra-migrate-meta-layouts":"default","ast-page-background-enabled":"default","ast-page-background-meta":{"desktop":{"background-color":"","background-image":"","background-repeat":"repeat","background-position":"center center","background-size":"auto","background-attachment":"scroll","background-type":"","background-media":"","overlay-type":"","overlay-color":"","overlay-opacity":"","overlay-gradient":""},"tablet":{"background-color":"","background-image":"","background-repeat":"repeat","background-position":"center center","background-size":"auto","background-attachment":"scroll","background-type":"","background-media":"","overlay-type":"","overlay-color":"","overlay-opacity":"","overlay-gradient":""},"mobile":{"background-color":"","background-image":"","background-repeat":"repeat","background-position":"center center","background-size":"auto","background-attachment":"scroll","background-type":"","background-media":"","overlay-type":"","overlay-color":"","overlay-opacity":"","overlay-gradient":""}},"ast-content-background-meta":{"desktop":{"background-color":"var(--ast-global-color-5)","background-image":"","background-repeat":"repeat","background-position":"center center","background-size":"auto","background-attachment":"scroll","background-type":"","background-media":"","overlay-type":"","overlay-color":"","overlay-opacity":"","overlay-gradient":""},"tablet":{"background-color":"var(--ast-global-color-5)","background-image":"","background-repeat":"repeat","background-position":"center center","background-size":"auto","background-attachment":"scroll","background-type":"","background-media":"","overlay-type":"","overlay-color":"","overlay-opacity":"","overlay-gradient":""},"mobile":{"background-color":"var(--ast-global-color-5)","background-image":"","background-repeat":"repeat","background-position":"center center","background-size":"auto","background-attachment":"scroll","background-type":"","background-media":"","overlay-type":"","overlay-color":"","overlay-opacity":"","overlay-gradient":""}},"footnotes":""},"categories":[11,8],"tags":[],"class_list":["post-25917","post","type-post","status-publish","format-standard","hentry","category-tapahtumat","category-tiedotteet"],"uagb_featured_image_src":{"full":false,"thumbnail":false,"medium":false,"medium_large":false,"large":false,"1536x1536":false,"2048x2048":false,"trp-custom-language-flag":false},"uagb_author_info":{"display_name":"Tiedottaja","author_link":"http:\/\/www.oikkariliitto.fi\/sv\/author\/tiedottaja\/"},"uagb_comment_info":12,"uagb_excerpt":"Hei oikkari! Pohdituttaako oma urapolku? Haluaisitko kuulla muiden uratarinoita, inspiroitua ja verkostoitua? Oikkariliitto kutsuu sinut mukaan liiton ilmaiseen syysseminaariin &#8221;Millainen juristi minusta tulee isona?&#8221; Turkuun 15.11.2022 klo 17:30 alkaen. Seminaarissa luvassa Nuoret Juristit ry:n Sakari Saaren tunnelmaan johdatteleva alkupuheenvuoro sek\u00e4 pienryhmiss\u00e4 tapahtuvaa oman urapolun pohdintaa juristien johdolla. Ty\u00f6pajojen vet\u00e4jin\u00e4 ja omat uratarinansa kertovat: Lakimies Susanna-Maria&hellip;","_links":{"self":[{"href":"http:\/\/www.oikkariliitto.fi\/sv\/wp-json\/wp\/v2\/posts\/25917","targetHints":{"allow":["GET"]}}],"collection":[{"href":"http:\/\/www.oikkariliitto.fi\/sv\/wp-json\/wp\/v2\/posts"}],"about":[{"href":"http:\/\/www.oikkariliitto.fi\/sv\/wp-json\/wp\/v2\/types\/post"}],"author":[{"embeddable":true,"href":"http:\/\/www.oikkariliitto.fi\/sv\/wp-json\/wp\/v2\/users\/3"}],"replies":[{"embeddable":true,"href":"http:\/\/www.oikkariliitto.fi\/sv\/wp-json\/wp\/v2\/comments?post=25917"}],"version-history":[{"count":1,"href":"http:\/\/www.oikkariliitto.fi\/sv\/wp-json\/wp\/v2\/posts\/25917\/revisions"}],"predecessor-version":[{"id":25918,"href":"http:\/\/www.oikkariliitto.fi\/sv\/wp-json\/wp\/v2\/posts\/25917\/revisions\/25918"}],"wp:attachment":[{"href":"http:\/\/www.oikkariliitto.fi\/sv\/wp-json\/wp\/v2\/media?parent=25917"}],"wp:term":[{"taxonomy":"category","embeddable":true,"href":"http:\/\/www.oikkariliitto.fi\/sv\/wp-json\/wp\/v2\/categories?post=25917"},{"taxonomy":"post_tag","embeddable":true,"href":"http:\/\/www.oikkariliitto.fi\/sv\/wp-json\/wp\/v2\/tags?post=25917"}],"curies":[{"name":"wp","href":"https:\/\/api.w.org\/{rel}","templated":true}]}}